{"id":124,"date":"2021-02-15T10:01:11","date_gmt":"2021-02-15T13:01:11","guid":{"rendered":"https:\/\/asociacionesperanza.com.ar\/primario\/?p=124"},"modified":"2021-02-15T10:35:50","modified_gmt":"2021-02-15T13:35:50","slug":"inicio-de-clases-presenciales","status":"publish","type":"post","link":"https:\/\/asociacionesperanza.com.ar\/primario\/inicio-de-clases-presenciales\/","title":{"rendered":"Inicio de clases presenciales"},"content":{"rendered":"\n<h4 class=\"wp-block-heading\">CICLO LECTIVO 2021<\/h4>\n\n\n\n<p>ESTIMADAS FAMILIAS: <br>Junto con saludarlos y darles la bienvenida a este nuevo ciclo lectivo 2021, les informamos sobre algunos aspectos generales del protocolo que estamos construyendo para la vuelta a la presencialidad en los tres institutos de la ASOCIACI\u00d3N ESPERANZA.<\/p>\n\n\n\n<ol class=\"wp-block-list\"><li><strong>Asistencia<\/strong><br>Los alumnos asistir\u00e1n de lunes a jueves en per\u00edodos de dos semanas ( por lo que asistir\u00e1n dos semanas presenciales y dos semanas el trabajo ser\u00e1 virtual). Los d\u00edas viernes ser\u00e1n destinados a la desinfecci\u00f3n del edificio, carga de plataforma virtual, GEM, reuniones presenciales con padres y\/o terapeutas externos y planificaci\u00f3n docente. (cada instituto elaborar\u00e1 su cronograma y enviar\u00e1 oportunamente).<\/li><li><strong>Entradas y salidas<\/strong><br>Una vez establecido el horario de funcionamiento les solicitaremos puntualidad en el horario de entrada y salida para que el cuidado de la distancia social sea efectiva evitando tiempos de espera innecesarios.<\/li><li><strong>Uso de tapaboca<\/strong><br>El uso correcto del tapabocas ser\u00e1 obligatorio por lo que no se permitir\u00e1 el ingreso de ninguna persona a la instituci\u00f3n sin el mismo. El tapaboca deber\u00e1 cubrir siempre nariz, boca y ment\u00f3n.<br><\/li><li><strong>Medidas preventivas<\/strong><br>A los estudiantes se les tomar\u00e1 la temperatura al ingresar al instituto y se les colocar\u00e1 alcohol en las manos en ese momento y tambi\u00e9n cuando ingresen a cada aula. Dentro de las aulas, se sentar\u00e1n en los lugares marcados y se incorporar\u00e1 como un h\u00e1bito de cuidado de la salud la limpieza del espacio personal(mesa y silla) al iniciar y finalizar la jornada as\u00ed como el lavado habitual de las manos. <\/li><li>Los ba\u00f1os estar\u00e1n provistos de elementos de higiene y toallas de papel. Ser\u00e1n desinfectados luego de los recreos al igual que las aulas.<br>Los recreos se tomar\u00e1n escalonadamente en espacios demarcados por curso para evitar el aglomeramiento de personas. durante los mismos los alumnos podr\u00e1n ir al ba\u00f1o y salir al patio, evitando permanecer en el aula y en otros espacios del edificio.<\/li><li><strong>Elementos personales<\/strong><br>Cada ni\u00f1o, ni\u00f1a o joven deber\u00e1 traer siempre su tapaboca, su propia botella de agua, y todos los \u00fatiles y materiales que se les solicite para evitar contacto estrecho con otros alumnos en el pr\u00e9stamo de los mismos. La merienda debe venir preparada de la casa con las medidas de sanitizaci\u00f3n recomendadas, evitando comprar en cualquier negocio de camino a la escuela.<\/li><li><strong>Documentaci\u00f3n<\/strong><br>La ficha de salud y la declaraci\u00f3n jurada que se env\u00eda adjunta a este comunicado deber\u00e1 ser presentada antes del inicio de las actividades presenciales, de lo contrario su hijo\/a no podr\u00e1 iniciar las mismas.<\/li><\/ol>\n\n\n\n<figure class=\"wp-block-pullquote\"><blockquote><p>\u00a1Importante!<br>Esta organizaci\u00f3n es tentativa y ser\u00e1 modificada previo acuerdo con las familias una vez que volvamos a la presencialidad y se realicen los ajustes necesarios para brindar un \u00f3ptimo servicio educativo.<br>\u00a1Muchas Gracias!<\/p><\/blockquote><\/figure>\n","protected":false},"excerpt":{"rendered":"<p>CICLO LECTIVO 2021 ESTIMADAS FAMILIAS: Junto con saludarlos y darles la bienvenida a este nuevo ciclo lectivo 2021, les informamos sobre algunos aspectos generales del protocolo que estamos construyendo para la vuelta a la presencialidad en los tres institutos de la ASOCIACI\u00d3N ESPERANZA. AsistenciaLos alumnos asistir\u00e1n de lunes a jueves en per\u00edodos de dos semanas ( por lo que asistir\u00e1n dos semanas presenciales y dos semanas el trabajo ser\u00e1 virtual). Los d\u00edas viernes ser\u00e1n destinados a la desinfecci\u00f3n del edificio, carga de plataforma virtual, GEM, reuniones presenciales con padres y\/o terapeutas externos y planificaci\u00f3n docente. (cada instituto elaborar\u00e1 su cronograma\u2026<\/p>\n","protected":false},"author":2,"featured_media":127,"comment_status":"closed","ping_status":"open","sticky":false,"template":"","format":"standard","meta":{"footnotes":""},"categories":[1],"tags":[],"class_list":["post-124","post","type-post","status-publish","format-standard","has-post-thumbnail","hentry","category-sin-categoria"],"blocksy_meta":{"styles_descriptor":{"styles":{"desktop":"","tablet":"","mobile":""},"google_fonts":[],"version":4}},"_links":{"self":[{"href":"https:\/\/asociacionesperanza.com.ar\/primario\/wp-json\/wp\/v2\/posts\/124"}],"collection":[{"href":"https:\/\/asociacionesperanza.com.ar\/primario\/wp-json\/wp\/v2\/posts"}],"about":[{"href":"https:\/\/asociacionesperanza.com.ar\/primario\/wp-json\/wp\/v2\/types\/post"}],"author":[{"embeddable":true,"href":"https:\/\/asociacionesperanza.com.ar\/primario\/wp-json\/wp\/v2\/users\/2"}],"replies":[{"embeddable":true,"href":"https:\/\/asociacionesperanza.com.ar\/primario\/wp-json\/wp\/v2\/comments?post=124"}],"version-history":[{"count":3,"href":"https:\/\/asociacionesperanza.com.ar\/primario\/wp-json\/wp\/v2\/posts\/124\/revisions"}],"predecessor-version":[{"id":130,"href":"https:\/\/asociacionesperanza.com.ar\/primario\/wp-json\/wp\/v2\/posts\/124\/revisions\/130"}],"wp:featuredmedia":[{"embeddable":true,"href":"https:\/\/asociacionesperanza.com.ar\/primario\/wp-json\/wp\/v2\/media\/127"}],"wp:attachment":[{"href":"https:\/\/asociacionesperanza.com.ar\/primario\/wp-json\/wp\/v2\/media?parent=124"}],"wp:term":[{"taxonomy":"category","embeddable":true,"href":"https:\/\/asociacionesperanza.com.ar\/primario\/wp-json\/wp\/v2\/categories?post=124"},{"taxonomy":"post_tag","embeddable":true,"href":"https:\/\/asociacionesperanza.com.ar\/primario\/wp-json\/wp\/v2\/tags?post=124"}],"curies":[{"name":"wp","href":"https:\/\/api.w.org\/{rel}","templated":true}]}}