{"id":155,"date":"2021-07-08T06:30:00","date_gmt":"2021-07-08T09:30:00","guid":{"rendered":"https:\/\/asociacionesperanza.com.ar\/primario\/?p=155"},"modified":"2021-07-08T18:06:20","modified_gmt":"2021-07-08T21:06:20","slug":"9-de-julio-dia-de-la-independencia","status":"publish","type":"post","link":"https:\/\/asociacionesperanza.com.ar\/primario\/9-de-julio-dia-de-la-independencia\/","title":{"rendered":"9 de julio \u00abD\u00cdA DE LA INDEPENDENCIA\u00bb"},"content":{"rendered":"\n<figure class=\"wp-block-gallery columns-1 is-cropped wp-block-gallery-1 is-layout-flex wp-block-gallery-is-layout-flex\"><ul class=\"blocks-gallery-grid\"><li class=\"blocks-gallery-item\"><figure><a href=\"https:\/\/asociacionesperanza.com.ar\/primario\/wp-content\/uploads\/2021\/07\/INDE4.jpg\"><img loading=\"lazy\" decoding=\"async\" width=\"880\" height=\"495\" src=\"https:\/\/asociacionesperanza.com.ar\/primario\/wp-content\/uploads\/2021\/07\/INDE4.jpg\" alt=\"\" data-id=\"157\" data-full-url=\"https:\/\/asociacionesperanza.com.ar\/primario\/wp-content\/uploads\/2021\/07\/INDE4.jpg\" data-link=\"https:\/\/asociacionesperanza.com.ar\/primario\/?attachment_id=157\" class=\"wp-image-157\" srcset=\"https:\/\/asociacionesperanza.com.ar\/primario\/wp-content\/uploads\/2021\/07\/INDE4.jpg 880w, https:\/\/asociacionesperanza.com.ar\/primario\/wp-content\/uploads\/2021\/07\/INDE4-300x169.jpg 300w, https:\/\/asociacionesperanza.com.ar\/primario\/wp-content\/uploads\/2021\/07\/INDE4-768x432.jpg 768w\" sizes=\"(max-width: 880px) 100vw, 880px\" \/><\/a><\/figure><\/li><\/ul><\/figure>\n\n\n\n<p>En este acto del 9 de julio queremos  inspirar a nuestros estudiantes a honrar a esos hombres, que lucharon por la Independencia y la Libertad, siendo buenos hijos y buenos alumnos. <\/p>\n\n\n\n<p>Queremos que cada momento del acto, cree en ustedes, orgullo, alegr\u00eda y deseos de celebrar a la Patria en la que vivimos \u00abARGENTINA\u00bb. <\/p>\n\n\n\n<p>Asimismo, deseamos que  como ciudadanos\/as, rompamos las cadenas de la injusticia, de la mentira, del ego\u00edsmo, y unidos luchar por forjar un pa\u00eds m\u00e1s justo y solidario. Pero un pa\u00eds donde se valore y premie el esfuerzo y el trabajo bien hecho.<\/p>\n\n\n\n<h2 class=\"wp-block-heading\">BANDERAS DE CEREMONIA<\/h2>\n\n\n\n<p>Empecemos por valorar lo que tenemos como s\u00edmbolo, demostremos nuestro amor a la Patria sintiendo la emoci\u00f3n de la celeste y blanca. Junto a sus sublimes colores, presentamos los trabajos que crearon las manos c\u00e1lidas de nuestros alumnos.<\/p>\n\n\n\n<p>Portan las banderas los siguientes alumnos:<\/p>\n\n\n\n<p>Abanderado Nacional: Mauro Sgroy<\/p>\n\n\n\n<p>1\u00b0 escolta: Santino Garritano  2\u00b0 escolta: Abril Perlino<\/p>\n\n\n\n<p>Abanderado Provincial: Numa Cortes<\/p>\n\n\n\n<p>1\u00b0 escolta: Alam Moreyra 2\u00b0 escolta: Valentino Miranda<\/p>\n\n\n\n<figure class=\"wp-block-video\"><video controls src=\"https:\/\/asociacionesperanza.com.ar\/primario\/wp-content\/uploads\/2021\/07\/WhatsApp-Video-2021-07-07-at-19.24.51.mp4\"><\/video><\/figure>\n\n\n\n<h2 class=\"wp-block-heading\">HIMNO NACIONAL ARGENTINO<\/h2>\n\n\n\n<p>Tu voz, la de \u00e9l, la m\u00eda, la de todos se unen para cantar con respeto y mucha emoci\u00f3n. Alumnos de 6\u00b0 B y 7\u00b0 A, cantan el Himno Nacional Argentino.<\/p>\n\n\n\n<figure class=\"wp-block-video\"><video controls src=\"https:\/\/asociacionesperanza.com.ar\/primario\/wp-content\/uploads\/2021\/07\/20210706_144717.mp4\"><\/video><\/figure>\n\n\n\n<h2 class=\"wp-block-heading\">PALABRAS ALUSIVAS<\/h2>\n\n\n\n<p>En las Provincias Unidas del R\u00edo de la Plata todos quisieron ser independientes, para darle sentido a su libertad, para pensar que val\u00eda la pena echar ra\u00edces en esta tierra sinti\u00e9ndola propia. Hoy el alumno Donato Sottile nos cuenta que sucedi\u00f3 en julio de 1.816.<\/p>\n\n\n\n<figure class=\"wp-block-video\"><video controls src=\"https:\/\/asociacionesperanza.com.ar\/primario\/wp-content\/uploads\/2021\/07\/WhatsApp-Video-2021-07-08-at-05.51.43.mp4\"><\/video><\/figure>\n\n\n\n<h2 class=\"wp-block-heading\">ACTO ART\u00cdSTICO<\/h2>\n\n\n\n<p>El 9 de julio de 1816 imprimi\u00f3 una huella en el coraz\u00f3n de todos los argentinos, marc\u00f3 el inicio de un camino que hoy estamos transitando. Nuestros estudiantes nos cuentan la historia de la Independencia Argentina.<\/p>\n\n\n\n<p><strong><span style=\"color:#1dadeb\" class=\"has-inline-color\">\u00abEL TIK TOK DE LA INDEPENDENCIA\u00bb<\/span><\/strong><\/p>\n\n\n\n<figure class=\"wp-block-video\"><video controls src=\"https:\/\/asociacionesperanza.com.ar\/primario\/wp-content\/uploads\/2021\/07\/WhatsApp-Video-2021-07-07-at-18.28.05.mp4\"><\/video><\/figure>\n\n\n\n<p><strong><span style=\"color:#19a4df\" class=\"has-inline-color\">A continuaci\u00f3n \u00abEL RAP DE LA INDEPENDENCIA\u00bb<\/span><\/strong><\/p>\n\n\n\n<figure class=\"wp-block-video\"><video controls src=\"https:\/\/asociacionesperanza.com.ar\/primario\/wp-content\/uploads\/2021\/07\/WhatsApp-Video-2021-07-07-at-20.56.18.mp4\"><\/video><\/figure>\n\n\n\n<p>Poes\u00eda: \u00abLA INDEPENDENCIA\u00bb  a cargo de Joaqu\u00edn y Santino (alumnos en virtualidad permanente)<\/p>\n\n\n\n<figure class=\"wp-block-video\"><video controls src=\"https:\/\/asociacionesperanza.com.ar\/primario\/wp-content\/uploads\/2021\/07\/WhatsApp-Video-2021-07-07-at-21.38.39.mp4\"><\/video><\/figure>\n\n\n\n<p>TODOS NUESTROS ALUMNOS QUISIERON PARTICIPAR DEL ACTO, LES COMPARTIMOS LAS FOTOS DE SOFIA (alumna en virtualidad permanente), QUE NOS MUESTRA SU ACTIVIDAD ALUSIVA A LA INDEPENDENCIA.<\/p>\n\n\n\n<figure class=\"wp-block-image size-large is-style-rounded\"><a href=\"https:\/\/asociacionesperanza.com.ar\/primario\/wp-content\/uploads\/2021\/07\/WhatsApp-Image-2021-07-07-at-21.46.57-1.jpeg\"><img loading=\"lazy\" decoding=\"async\" width=\"844\" height=\"1024\" src=\"https:\/\/asociacionesperanza.com.ar\/primario\/wp-content\/uploads\/2021\/07\/WhatsApp-Image-2021-07-07-at-21.46.57-1-844x1024.jpeg\" alt=\"\" class=\"wp-image-165\" srcset=\"https:\/\/asociacionesperanza.com.ar\/primario\/wp-content\/uploads\/2021\/07\/WhatsApp-Image-2021-07-07-at-21.46.57-1-844x1024.jpeg 844w, https:\/\/asociacionesperanza.com.ar\/primario\/wp-content\/uploads\/2021\/07\/WhatsApp-Image-2021-07-07-at-21.46.57-1-247x300.jpeg 247w, https:\/\/asociacionesperanza.com.ar\/primario\/wp-content\/uploads\/2021\/07\/WhatsApp-Image-2021-07-07-at-21.46.57-1-768x932.jpeg 768w, https:\/\/asociacionesperanza.com.ar\/primario\/wp-content\/uploads\/2021\/07\/WhatsApp-Image-2021-07-07-at-21.46.57-1.jpeg 1055w\" sizes=\"(max-width: 844px) 100vw, 844px\" \/><\/a><\/figure>\n\n\n\n<figure class=\"wp-block-image size-large is-style-rounded\"><a href=\"https:\/\/asociacionesperanza.com.ar\/primario\/wp-content\/uploads\/2021\/07\/WhatsApp-Image-2021-07-07-at-21.46.57.jpeg\"><img loading=\"lazy\" decoding=\"async\" width=\"822\" height=\"1024\" src=\"https:\/\/asociacionesperanza.com.ar\/primario\/wp-content\/uploads\/2021\/07\/WhatsApp-Image-2021-07-07-at-21.46.57-822x1024.jpeg\" alt=\"\" class=\"wp-image-166\" srcset=\"https:\/\/asociacionesperanza.com.ar\/primario\/wp-content\/uploads\/2021\/07\/WhatsApp-Image-2021-07-07-at-21.46.57-822x1024.jpeg 822w, https:\/\/asociacionesperanza.com.ar\/primario\/wp-content\/uploads\/2021\/07\/WhatsApp-Image-2021-07-07-at-21.46.57-241x300.jpeg 241w, https:\/\/asociacionesperanza.com.ar\/primario\/wp-content\/uploads\/2021\/07\/WhatsApp-Image-2021-07-07-at-21.46.57-768x956.jpeg 768w, https:\/\/asociacionesperanza.com.ar\/primario\/wp-content\/uploads\/2021\/07\/WhatsApp-Image-2021-07-07-at-21.46.57.jpeg 1028w\" sizes=\"(max-width: 822px) 100vw, 822px\" \/><\/a><\/figure>\n\n\n\n<p>AGRADECEMOS A NUESTRA DIRECTORA PROF. M\u00d3NICA ALFARO, POR DARNOS LA LIBERTAD PARA DESARROLLAR NUESTRA CREATIVIDAD EN EL ACTO, A LAS FAMILIAS QUE NOS APOYARON INCONDICIONALMENTE, A LOS CHICOS Y CHICAS DE 6\u00b0 Y 7\u00b0, QUE SE COMPROMETIERON CON LAS PROPUESTAS Y A LA PROFE ANDREA.<\/p>\n\n\n\n<p class=\"has-text-align-center\">\u00a1GRACIAS! Y \u00a1VIVA LA PATRIA!!<\/p>\n\n\n\n<p class=\"has-text-align-center\">SE\u00d1OS GISE Y VIVI<\/p>\n\n\n\n<p><\/p>\n","protected":false},"excerpt":{"rendered":"<p>En este acto del 9 de julio queremos inspirar a nuestros estudiantes a honrar a esos hombres, que lucharon por la Independencia y la Libertad, siendo buenos hijos y buenos alumnos. Queremos que cada momento del acto, cree en ustedes, orgullo, alegr\u00eda y deseos de celebrar a la Patria en la que vivimos \u00abARGENTINA\u00bb. Asimismo, deseamos que como ciudadanos\/as, rompamos las cadenas de la injusticia, de la mentira, del ego\u00edsmo, y unidos luchar por forjar un pa\u00eds m\u00e1s justo y solidario. Pero un pa\u00eds donde se valore y premie el esfuerzo y el trabajo bien hecho. BANDERAS DE CEREMONIA Empecemos\u2026<\/p>\n","protected":false},"author":6,"featured_media":173,"comment_status":"open","ping_status":"open","sticky":false,"template":"","format":"standard","meta":{"footnotes":""},"categories":[4],"tags":[],"class_list":["post-155","post","type-post","status-publish","format-standard","has-post-thumbnail","hentry","category-actos-2021"],"blocksy_meta":{"styles_descriptor":{"styles":{"desktop":"","tablet":"","mobile":""},"google_fonts":[],"version":4}},"_links":{"self":[{"href":"https:\/\/asociacionesperanza.com.ar\/primario\/wp-json\/wp\/v2\/posts\/155"}],"collection":[{"href":"https:\/\/asociacionesperanza.com.ar\/primario\/wp-json\/wp\/v2\/posts"}],"about":[{"href":"https:\/\/asociacionesperanza.com.ar\/primario\/wp-json\/wp\/v2\/types\/post"}],"author":[{"embeddable":true,"href":"https:\/\/asociacionesperanza.com.ar\/primario\/wp-json\/wp\/v2\/users\/6"}],"replies":[{"embeddable":true,"href":"https:\/\/asociacionesperanza.com.ar\/primario\/wp-json\/wp\/v2\/comments?post=155"}],"version-history":[{"count":7,"href":"https:\/\/asociacionesperanza.com.ar\/primario\/wp-json\/wp\/v2\/posts\/155\/revisions"}],"predecessor-version":[{"id":175,"href":"https:\/\/asociacionesperanza.com.ar\/primario\/wp-json\/wp\/v2\/posts\/155\/revisions\/175"}],"wp:featuredmedia":[{"embeddable":true,"href":"https:\/\/asociacionesperanza.com.ar\/primario\/wp-json\/wp\/v2\/media\/173"}],"wp:attachment":[{"href":"https:\/\/asociacionesperanza.com.ar\/primario\/wp-json\/wp\/v2\/media?parent=155"}],"wp:term":[{"taxonomy":"category","embeddable":true,"href":"https:\/\/asociacionesperanza.com.ar\/primario\/wp-json\/wp\/v2\/categories?post=155"},{"taxonomy":"post_tag","embeddable":true,"href":"https:\/\/asociacionesperanza.com.ar\/primario\/wp-json\/wp\/v2\/tags?post=155"}],"curies":[{"name":"wp","href":"https:\/\/api.w.org\/{rel}","templated":true}]}}